{"id":282,"date":"2023-03-08T07:50:57","date_gmt":"2023-03-08T06:50:57","guid":{"rendered":"https:\/\/www.ucimekvalitne.cz\/2023\/?p=282"},"modified":"2023-04-06T16:00:25","modified_gmt":"2023-04-06T14:00:25","slug":"spoustime-registraci-na-konferenci-uspech-pro-kazdeho-zaka-25-4-2023","status":"publish","type":"post","link":"https:\/\/www.ucimekvalitne.cz\/2023\/spoustime-registraci-na-konferenci-uspech-pro-kazdeho-zaka-25-4-2023\/","title":{"rendered":"Spou\u0161t\u00edme registraci na konferenci \u00dasp\u011bch pro ka\u017ed\u00e9ho \u017e\u00e1ka 25. 4. 2023"},"content":{"rendered":"<p>[et_pb_section admin_label=&#8220;section&#8220;]<br \/>\n\t\t\t[et_pb_row admin_label=&#8220;row&#8220;]<br \/>\n\t\t\t\t[et_pb_column type=&#8220;4_4&#8243;][et_pb_text admin_label=&#8220;Text&#8220;]Pr\u00e1v\u011b jsme spustili registraci na 11. ro\u010dn\u00edk konference \u00dasp\u011bch pro ka\u017ed\u00e9ho \u017e\u00e1ka, kter\u00fd prob\u011bhne 25. dubna 2023 v pra\u017esk\u00e9m Centru sou\u010dasn\u00e9ho um\u011bn\u00ed DOX.<\/p>\n<p>\u010cemu spole\u010dn\u011b v\u011b\u0159\u00edme a kde se rozch\u00e1z\u00edme? Jak\u00fd vliv to m\u00e1 na n\u00e1s i prom\u011bnu vzd\u011bl\u00e1v\u00e1n\u00ed? Jak z toho t\u011b\u017eit a u\u010dit (se) tak, aby ve \u0161kole ka\u017ed\u00fd za\u017e\u00edval \u00fasp\u011bch? Spole\u010dn\u011b budeme diskutovat o r\u016fzn\u00fdch hodnot\u00e1ch, p\u0159esv\u011bd\u010den\u00edch i principech vzd\u011bl\u00e1v\u00e1n\u00ed v \u010desk\u00fdch \u0161kol\u00e1ch.<br \/>\nRegistrace je otev\u0159ena nejen pro setk\u00e1n\u00ed na\u017eivo, ale tak\u00e9 pro p\u0159ipojen\u00ed se ke konferenci online. V\u010dasn\u00e1 registrace je cenov\u011b zv\u00fdhodn\u011bna.[\/et_pb_text][\/et_pb_column]<br \/>\n\t\t\t[\/et_pb_row]<br \/>\n\t\t[\/et_pb_section]<\/p>\n","protected":false},"excerpt":{"rendered":"<p>Pr\u00e1v\u011b jsme spustili registraci na 11. ro\u010dn\u00edk konference \u00dasp\u011bch pro ka\u017ed\u00e9ho \u017e\u00e1ka, kter\u00fd prob\u011bhne 25. dubna 2023 v pra\u017esk\u00e9m Centru sou\u010dasn\u00e9ho um\u011bn\u00ed DOX. \u010cemu spole\u010dn\u011b v\u011b\u0159\u00edme a kde se rozch\u00e1z\u00edme? Jak\u00fd vliv to m\u00e1 na n\u00e1s i prom\u011bnu vzd\u011bl\u00e1v\u00e1n\u00ed? Jak z toho t\u011b\u017eit a u\u010dit (se) tak, aby ve \u0161kole ka\u017ed\u00fd za\u017e\u00edval \u00fasp\u011bch? Spole\u010dn\u011b budeme [&hellip;]<\/p>\n","protected":false},"author":1,"featured_media":43,"comment_status":"open","ping_status":"open","sticky":false,"template":"","format":"standard","meta":{"_et_pb_use_builder":"on","_et_pb_old_content":"Pr\u00e1v\u011b jsme spustili registraci na 11. ro\u010dn\u00edk konference \u00dasp\u011bch pro ka\u017ed\u00e9ho \u017e\u00e1ka, kter\u00fd prob\u011bhne 25. dubna 2023 v pra\u017esk\u00e9m Centru sou\u010dasn\u00e9ho um\u011bn\u00ed DOX.\r\n\r\n\u010cemu spole\u010dn\u011b v\u011b\u0159\u00edme a kde se rozch\u00e1z\u00edme? Jak\u00fd vliv to m\u00e1 na n\u00e1s i prom\u011bnu vzd\u011bl\u00e1v\u00e1n\u00ed? Jak z toho t\u011b\u017eit a u\u010dit (se) tak, aby ve \u0161kole ka\u017ed\u00fd za\u017e\u00edval \u00fasp\u011bch? Spole\u010dn\u011b budeme diskutovat o r\u016fzn\u00fdch hodnot\u00e1ch, p\u0159esv\u011bd\u010den\u00edch i principech vzd\u011bl\u00e1v\u00e1n\u00ed v \u010desk\u00fdch \u0161kol\u00e1ch.\r\nRegistrace je otev\u0159ena nejen pro setk\u00e1n\u00ed na\u017eivo, ale tak\u00e9 pro p\u0159ipojen\u00ed se ke konferenci online. V\u010dasn\u00e1 registrace je cenov\u011b zv\u00fdhodn\u011bna.","_et_gb_content_width":"","inline_featured_image":false,"footnotes":""},"categories":[1],"tags":[],"class_list":["post-282","post","type-post","status-publish","format-standard","has-post-thumbnail","hentry","category-novinky"],"_links":{"self":[{"href":"https:\/\/www.ucimekvalitne.cz\/2023\/wp-json\/wp\/v2\/posts\/282","targetHints":{"allow":["GET"]}}],"collection":[{"href":"https:\/\/www.ucimekvalitne.cz\/2023\/wp-json\/wp\/v2\/posts"}],"about":[{"href":"https:\/\/www.ucimekvalitne.cz\/2023\/wp-json\/wp\/v2\/types\/post"}],"author":[{"embeddable":true,"href":"https:\/\/www.ucimekvalitne.cz\/2023\/wp-json\/wp\/v2\/users\/1"}],"replies":[{"embeddable":true,"href":"https:\/\/www.ucimekvalitne.cz\/2023\/wp-json\/wp\/v2\/comments?post=282"}],"version-history":[{"count":3,"href":"https:\/\/www.ucimekvalitne.cz\/2023\/wp-json\/wp\/v2\/posts\/282\/revisions"}],"predecessor-version":[{"id":398,"href":"https:\/\/www.ucimekvalitne.cz\/2023\/wp-json\/wp\/v2\/posts\/282\/revisions\/398"}],"wp:featuredmedia":[{"embeddable":true,"href":"https:\/\/www.ucimekvalitne.cz\/2023\/wp-json\/wp\/v2\/media\/43"}],"wp:attachment":[{"href":"https:\/\/www.ucimekvalitne.cz\/2023\/wp-json\/wp\/v2\/media?parent=282"}],"wp:term":[{"taxonomy":"category","embeddable":true,"href":"https:\/\/www.ucimekvalitne.cz\/2023\/wp-json\/wp\/v2\/categories?post=282"},{"taxonomy":"post_tag","embeddable":true,"href":"https:\/\/www.ucimekvalitne.cz\/2023\/wp-json\/wp\/v2\/tags?post=282"}],"curies":[{"name":"wp","href":"https:\/\/api.w.org\/{rel}","templated":true}]}}