{"id":515,"date":"2023-04-26T13:33:13","date_gmt":"2023-04-26T11:33:13","guid":{"rendered":"https:\/\/www.ucimekvalitne.cz\/2023\/?p=515"},"modified":"2023-04-26T13:35:04","modified_gmt":"2023-04-26T11:35:04","slug":"cemu-verime-ve-vzdelavani-tematem-letosni-konference-uspech-pro-kazdeho-zaka-byly-hodnoty-a-to-jak-formuji-vzdelavaci-system","status":"publish","type":"post","link":"https:\/\/www.ucimekvalitne.cz\/2023\/cemu-verime-ve-vzdelavani-tematem-letosni-konference-uspech-pro-kazdeho-zaka-byly-hodnoty-a-to-jak-formuji-vzdelavaci-system\/","title":{"rendered":"\u010cemu v\u011b\u0159\u00edme ve vzd\u011bl\u00e1v\u00e1n\u00ed? T\u00e9matem leto\u0161n\u00ed konference \u00dasp\u011bch pro ka\u017ed\u00e9ho \u017e\u00e1ka byly hodnoty a to, jak formuj\u00ed vzd\u011bl\u00e1vac\u00ed syst\u00e9m"},"content":{"rendered":"<p>Praha 26. dubna 2023 \u2013 V pra\u017esk\u00e9m Centru sou\u010dasn\u00e9ho um\u011bn\u00ed DOX se v\u010dera uskute\u010dnil ji\u017e 11. ro\u010dn\u00edk konference \u00dasp\u011bch pro ka\u017ed\u00e9ho \u017e\u00e1ka s podtitulem \u010cemu v\u011b\u0159\u00edme ve vzd\u011bl\u00e1v\u00e1n\u00ed. T\u00e9ma hodnot nen\u00ed v r\u00e1mci \u010desk\u00e9ho vzd\u011bl\u00e1v\u00e1n\u00ed bohu\u017eel dostate\u010dn\u011b diskutov\u00e1no, p\u0159esto\u017ee pr\u00e1v\u011b hodnoty jsou z\u00e1kladem na\u0161ich p\u0159edstav a<br \/>\no\u010dek\u00e1v\u00e1n\u00ed o tom, jak by m\u011bl vzd\u011bl\u00e1vac\u00ed syst\u00e9m vypadat. \u201c\u017de si mnohdy nerozum\u00edme, m\u016f\u017ee b\u00fdt d\u00e1no pr\u00e1v\u011b t\u00edm, \u017ee m\u00e1lo mluv\u00edme o tom, \u010demu v\u011b\u0159\u00edme a v \u010dem vid\u00edme hodnotu. Proto\u017ee ka\u017ed\u00e9 na\u0161e rozhodnut\u00ed, ka\u017ed\u00e1 volba z<br \/>\ntoho vych\u00e1z\u00ed,\u201d pojmenovala d\u016fle\u017eitost takov\u00e9 diskuse Hana Ko\u0161\u0165\u00e1lov\u00e1 z organizace Pom\u00e1h\u00e1me \u0161kol\u00e1m k<br \/>\n\u00fasp\u011bchu, moder\u00e1torka \u00favodn\u00edho diskusn\u00edho bloku konference.<\/p>\n<p>Celou tiskovou zpr\u00e1vu si m\u016f\u017eete p\u0159e\u010d\u00edst <a href=\"https:\/\/skav.cz\/wp-content\/uploads\/2023\/04\/Cemu-verime-ve-vzdelavani-Tematem-letosni-konference-Uspech-pro-kazdeho-zaka-byly-hodnoty-a-to-jak-formuji-vzdelavaci-system.pdf\" target=\"_blank\" rel=\"noopener\">zde<\/a>.<\/p>\n","protected":false},"excerpt":{"rendered":"<p>Praha 26. dubna 2023 \u2013 V pra\u017esk\u00e9m Centru sou\u010dasn\u00e9ho um\u011bn\u00ed DOX se v\u010dera uskute\u010dnil ji\u017e 11. ro\u010dn\u00edk konference \u00dasp\u011bch pro ka\u017ed\u00e9ho \u017e\u00e1ka s podtitulem \u010cemu v\u011b\u0159\u00edme ve vzd\u011bl\u00e1v\u00e1n\u00ed. T\u00e9ma hodnot nen\u00ed v r\u00e1mci \u010desk\u00e9ho vzd\u011bl\u00e1v\u00e1n\u00ed bohu\u017eel dostate\u010dn\u011b diskutov\u00e1no, p\u0159esto\u017ee pr\u00e1v\u011b hodnoty jsou z\u00e1kladem na\u0161ich p\u0159edstav a o\u010dek\u00e1v\u00e1n\u00ed o tom, jak by m\u011bl vzd\u011bl\u00e1vac\u00ed syst\u00e9m vypadat. [&hellip;]<\/p>\n","protected":false},"author":2,"featured_media":516,"comment_status":"open","ping_status":"open","sticky":false,"template":"","format":"standard","meta":{"_et_pb_use_builder":"","_et_pb_old_content":"","_et_gb_content_width":"","inline_featured_image":false,"footnotes":""},"categories":[1],"tags":[],"class_list":["post-515","post","type-post","status-publish","format-standard","has-post-thumbnail","hentry","category-novinky"],"_links":{"self":[{"href":"https:\/\/www.ucimekvalitne.cz\/2023\/wp-json\/wp\/v2\/posts\/515","targetHints":{"allow":["GET"]}}],"collection":[{"href":"https:\/\/www.ucimekvalitne.cz\/2023\/wp-json\/wp\/v2\/posts"}],"about":[{"href":"https:\/\/www.ucimekvalitne.cz\/2023\/wp-json\/wp\/v2\/types\/post"}],"author":[{"embeddable":true,"href":"https:\/\/www.ucimekvalitne.cz\/2023\/wp-json\/wp\/v2\/users\/2"}],"replies":[{"embeddable":true,"href":"https:\/\/www.ucimekvalitne.cz\/2023\/wp-json\/wp\/v2\/comments?post=515"}],"version-history":[{"count":3,"href":"https:\/\/www.ucimekvalitne.cz\/2023\/wp-json\/wp\/v2\/posts\/515\/revisions"}],"predecessor-version":[{"id":519,"href":"https:\/\/www.ucimekvalitne.cz\/2023\/wp-json\/wp\/v2\/posts\/515\/revisions\/519"}],"wp:featuredmedia":[{"embeddable":true,"href":"https:\/\/www.ucimekvalitne.cz\/2023\/wp-json\/wp\/v2\/media\/516"}],"wp:attachment":[{"href":"https:\/\/www.ucimekvalitne.cz\/2023\/wp-json\/wp\/v2\/media?parent=515"}],"wp:term":[{"taxonomy":"category","embeddable":true,"href":"https:\/\/www.ucimekvalitne.cz\/2023\/wp-json\/wp\/v2\/categories?post=515"},{"taxonomy":"post_tag","embeddable":true,"href":"https:\/\/www.ucimekvalitne.cz\/2023\/wp-json\/wp\/v2\/tags?post=515"}],"curies":[{"name":"wp","href":"https:\/\/api.w.org\/{rel}","templated":true}]}}